{"id":3212,"date":"2025-09-19T12:58:04","date_gmt":"2025-09-19T09:58:04","guid":{"rendered":"https:\/\/fashionedproject.eu\/?p=3212"},"modified":"2025-10-31T10:25:47","modified_gmt":"2025-10-31T08:25:47","slug":"conferencia-final-de-fashion-ed-en-lituania","status":"publish","type":"post","link":"https:\/\/fashionedproject.eu\/es\/conferencia-final-de-fashion-ed-en-lituania\/","title":{"rendered":"Conferencia Final de Fashion.ED en Lituania"},"content":{"rendered":"<!--themify_builder_content-->\n<div id=\"themify_builder_content-3212\" data-postid=\"3212\" class=\"themify_builder_content themify_builder_content-3212 themify_builder tf_clear\">\n    \t\t\t\t<!-- module_row -->\n\t\t<div  data-lazy=\"1\" class=\"module_row themify_builder_row tb_2i04905 tb_first tf_w tf_clearfix\">\n\t\t\t\t\t<div class=\"row_inner col_align_top tb_col_count_1 tf_box tf_rel\">\n\t\t\t\t\t<div  data-lazy=\"1\" class=\"module_column tb-column col-full tb_dy2d905 first\">\n\t\t\t\t\t\t\t\t\t<div class=\"tb-column-inner tf_box tf_w\">\n\t\t\t\t<!-- module text -->\n<div  class=\"module module-text tb_4i7o955   \" data-lazy=\"1\">\n        <div  class=\"tb_text_wrap\">\n    <p>La Conferencia Final en Lituania, organizada por KTU, se celebr\u00f3 el 10 de septiembre de 2025 en la Biblioteca del Campus de KTU y cont\u00f3 con la participaci\u00f3n de profesionales de empresas lituanas del sector textil y de la moda, miembros de la Asociaci\u00f3n Lituana de Empresas Textiles y de Confecci\u00f3n, as\u00ed como personal acad\u00e9mico y estudiantado.<\/p><p>La conferencia despert\u00f3 gran inter\u00e9s entre los asistentes, especialmente por el uso de experimentos en Realidad Virtual para desarrollar habilidades pr\u00e1cticas en el alumnado y por la relevancia del contenido del MOOC.<\/p>    <\/div>\n<\/div>\n<!-- \/module text --><!-- module gallery -->\n<div  class=\"module gallery module-gallery tb_70av200 layout-grid  \" data-lazy=\"1\">\n    <div class=\"module-gallery-grid gallery-columns-4 tf_clear\">\n\t\t\t<dl class=\"gallery-item\">\n\t\t\t<dt class=\"gallery-icon\">\n\t\t\t<a data-title=\"\" title=\"\" href=\"https:\/\/fashionedproject.eu\/wp-content\/uploads\/2025\/02\/IMG_2255-scaled.jpg\" data-rel=\"tb_70av200\" class=\"themify_lightbox\"><img loading=\"lazy\" decoding=\"async\" src=\"https:\/\/fashionedproject.eu\/wp-content\/uploads\/2025\/02\/IMG_2255-768x1024-300x200.jpg\" width=\"300\" height=\"200\" class=\"wp-post-image wp-image-1811\" title=\"IMG_2255\" alt=\"IMG_2255\"><\/a>\t\t\t<\/dt>\n\t\t\t<dd>\n\t\t\t\t\t\t\t\t\t\t\t<\/dd>\n\t\t<\/dl>\n\t<\/div>\n<\/div>\n<!-- \/module gallery -->\t\t\t\t<\/div><!-- .tb-column-inner -->\n\t\t\t\t\t\t<\/div><!-- .module_column -->\n\t\t\t\t\t\t<\/div><!-- .row_inner -->\n\t\t<\/div><!-- .module_row -->\n\t\t\t\t<\/div>\n<!--\/themify_builder_content-->","protected":false},"excerpt":{"rendered":"<p>La Conferencia Final en Lituania, organizada por KTU, se celebr\u00f3 el 10 de septiembre de 2025 en la Biblioteca del Campus de KTU y cont\u00f3 con la participaci\u00f3n de profesionales de empresas lituanas del sector textil y de la moda, miembros de la Asociaci\u00f3n Lituana de Empresas Textiles y de Confecci\u00f3n, as\u00ed como personal acad\u00e9mico [&hellip;]<\/p>\n","protected":false},"author":1,"featured_media":1811,"comment_status":"closed","ping_status":"closed","sticky":false,"template":"","format":"standard","meta":{"footnotes":""},"categories":[36],"tags":[],"class_list":["post-3212","post","type-post","status-publish","format-standard","has-post-thumbnail","hentry","category-news-es","has-post-title","has-post-date","has-post-category","has-post-tag","has-post-comment","has-post-author",""],"builder_content":"<p>La Conferencia Final en Lituania, organizada por KTU, se celebr\u00f3 el 10 de septiembre de 2025 en la Biblioteca del Campus de KTU y cont\u00f3 con la participaci\u00f3n de profesionales de empresas lituanas del sector textil y de la moda, miembros de la Asociaci\u00f3n Lituana de Empresas Textiles y de Confecci\u00f3n, as\u00ed como personal acad\u00e9mico y estudiantado.<\/p><p>La conferencia despert\u00f3 gran inter\u00e9s entre los asistentes, especialmente por el uso de experimentos en Realidad Virtual para desarrollar habilidades pr\u00e1cticas en el alumnado y por la relevancia del contenido del MOOC.<\/p>\n[gallery ids=\"1811\"]","_links":{"self":[{"href":"https:\/\/fashionedproject.eu\/es\/wp-json\/wp\/v2\/posts\/3212","targetHints":{"allow":["GET"]}}],"collection":[{"href":"https:\/\/fashionedproject.eu\/es\/wp-json\/wp\/v2\/posts"}],"about":[{"href":"https:\/\/fashionedproject.eu\/es\/wp-json\/wp\/v2\/types\/post"}],"author":[{"embeddable":true,"href":"https:\/\/fashionedproject.eu\/es\/wp-json\/wp\/v2\/users\/1"}],"replies":[{"embeddable":true,"href":"https:\/\/fashionedproject.eu\/es\/wp-json\/wp\/v2\/comments?post=3212"}],"version-history":[{"count":2,"href":"https:\/\/fashionedproject.eu\/es\/wp-json\/wp\/v2\/posts\/3212\/revisions"}],"predecessor-version":[{"id":3214,"href":"https:\/\/fashionedproject.eu\/es\/wp-json\/wp\/v2\/posts\/3212\/revisions\/3214"}],"wp:featuredmedia":[{"embeddable":true,"href":"https:\/\/fashionedproject.eu\/es\/wp-json\/wp\/v2\/media\/1811"}],"wp:attachment":[{"href":"https:\/\/fashionedproject.eu\/es\/wp-json\/wp\/v2\/media?parent=3212"}],"wp:term":[{"taxonomy":"category","embeddable":true,"href":"https:\/\/fashionedproject.eu\/es\/wp-json\/wp\/v2\/categories?post=3212"},{"taxonomy":"post_tag","embeddable":true,"href":"https:\/\/fashionedproject.eu\/es\/wp-json\/wp\/v2\/tags?post=3212"}],"curies":[{"name":"wp","href":"https:\/\/api.w.org\/{rel}","templated":true}]}}