{"id":3215,"date":"2025-09-17T22:25:13","date_gmt":"2025-09-17T19:25:13","guid":{"rendered":"https:\/\/fashionedproject.eu\/?p=3215"},"modified":"2025-10-31T10:28:20","modified_gmt":"2025-10-31T08:28:20","slug":"evento-de-networking-de-fashion-ed-paises-bajos","status":"publish","type":"post","link":"https:\/\/fashionedproject.eu\/es\/evento-de-networking-de-fashion-ed-paises-bajos\/","title":{"rendered":"Evento de Networking de Fashion.ED | Pa\u00edses Bajos"},"content":{"rendered":"<!--themify_builder_content-->\n<div id=\"themify_builder_content-3215\" data-postid=\"3215\" class=\"themify_builder_content themify_builder_content-3215 themify_builder tf_clear\">\n    \t\t\t\t<!-- module_row -->\n\t\t<div  data-lazy=\"1\" class=\"module_row themify_builder_row tb_asjy323 tb_first tf_w tf_clearfix\">\n\t\t\t\t\t<div class=\"row_inner col_align_top tb_col_count_1 tf_box tf_rel\">\n\t\t\t\t\t<div  data-lazy=\"1\" class=\"module_column tb-column col-full tb_koar324 first\">\n\t\t\t\t\t\t\t\t\t<div class=\"tb-column-inner tf_box tf_w\">\n\t\t\t\t<!-- module text -->\n<div  class=\"module module-text tb_no3v400   \" data-lazy=\"1\">\n        <div  class=\"tb_text_wrap\">\n    <p>El pasado jueves, Business Development Friesland organiz\u00f3 un inspirador evento de networking en su nueva oficina en Building Z (Zaailand 106), Leeuwarden (Pa\u00edses Bajos), para presentar el proyecto Fashion.ED a colegas de @iqubator y a otros agentes clave.<\/p><p>Tras 24 meses de trabajo conjunto, incluyendo sesiones de ideaci\u00f3n, colaboraci\u00f3n y desarrollo, Fashion.ED se acerca a su finalizaci\u00f3n. Junto a nuestros socios, hemos dado vida a ideas innovadoras y hemos avanzado con pasos concretos hacia una industria de la moda m\u00e1s responsable: desde la elecci\u00f3n de materiales sostenibles hasta la reducci\u00f3n de residuos y la minimizaci\u00f3n de la huella ecol\u00f3gica de la moda.<\/p><p>Este proyecto no habr\u00eda sido posible sin nuestros socios: UPV, UNIWA, KTU, ORADEA e IDEC. Adem\u00e1s, contribuye directamente a los objetivos del Espacio Europeo de Educaci\u00f3n.<\/p>    <\/div>\n<\/div>\n<!-- \/module text --><!-- module image -->\n<div  class=\"module module-image tb_ms2v968   image-top tf_mw\" data-lazy=\"1\">\n        <div class=\"image-wrap tf_rel tf_mw\">\n\t\t    <img loading=\"lazy\" decoding=\"async\" width=\"2560\" height=\"1920\" src=\"https:\/\/fashionedproject.eu\/wp-content\/uploads\/2025\/09\/IMG_4058-scaled.jpg\" class=\"wp-post-image wp-image-2680\" title=\"IMG_4058\" alt=\"IMG_4058\" srcset=\"https:\/\/fashionedproject.eu\/wp-content\/uploads\/2025\/09\/IMG_4058-scaled.jpg 2560w, https:\/\/fashionedproject.eu\/wp-content\/uploads\/2025\/09\/IMG_4058-300x225.jpg 300w, https:\/\/fashionedproject.eu\/wp-content\/uploads\/2025\/09\/IMG_4058-1024x768.jpg 1024w, https:\/\/fashionedproject.eu\/wp-content\/uploads\/2025\/09\/IMG_4058-768x576.jpg 768w, https:\/\/fashionedproject.eu\/wp-content\/uploads\/2025\/09\/IMG_4058-1536x1152.jpg 1536w, https:\/\/fashionedproject.eu\/wp-content\/uploads\/2025\/09\/IMG_4058-2048x1536.jpg 2048w\" sizes=\"auto, (max-width: 2560px) 100vw, 2560px\" \/>\t\n\t\t<\/div>\n\t<!-- \/image-wrap -->\n    \n    \t<\/div>\n<!-- \/module image --><!-- module text -->\n<div  class=\"module module-text tb_goc0288   \" data-lazy=\"1\">\n        <div  class=\"tb_text_wrap\">\n    <p>\ud83d\udccd <strong>\u00bfY ahora qu\u00e9 sigue?<\/strong><br \/>El 16 de septiembre, nuestra project manager @lotteduursma y la assistant project manager @sarahtannoux asistir\u00e1n a la conferencia internacional de clausura en Alcoy (Espa\u00f1a), organizada por nuestro socio UPV.<\/p><p>All\u00ed, profesionales de la moda, docentes, estudiantes y expertos en sostenibilidad:<br \/>\u2022 Presentar\u00e1n el programa Fashion.ED y sus innovadores m\u00f3dulos de formaci\u00f3n en Realidad Virtual<br \/>\u2022 Explorar\u00e1n el futuro de la moda sostenible y circular<br \/>\u2022 Compartir\u00e1n ideas, herramientas y casos de \u00e9xito del proyecto<\/p><p>Estamos muy orgullosos de celebrar tanto el impacto de Fashion.ED como la apertura de nuestra nueva oficina, un espacio pensado para inspirar colaboraci\u00f3n, creatividad e innovaci\u00f3n sostenible.<\/p><p><strong>\ud83d\udcf2<\/strong><strong> \u00a1Sigue atento para m\u00e1s novedades!<\/strong><\/p>    <\/div>\n<\/div>\n<!-- \/module text -->\t\t\t\t<\/div><!-- .tb-column-inner -->\n\t\t\t\t\t\t<\/div><!-- .module_column -->\n\t\t\t\t\t\t<\/div><!-- .row_inner -->\n\t\t<\/div><!-- .module_row -->\n\t\t\t\t<\/div>\n<!--\/themify_builder_content-->","protected":false},"excerpt":{"rendered":"<p>El pasado jueves, Business Development Friesland organiz\u00f3 un inspirador evento de networking en su nueva oficina en Building Z (Zaailand 106), Leeuwarden (Pa\u00edses Bajos), para presentar el proyecto Fashion.ED a colegas de @iqubator y a otros agentes clave.Tras 24 meses de trabajo conjunto, incluyendo sesiones de ideaci\u00f3n, colaboraci\u00f3n y desarrollo, Fashion.ED se acerca a su [&hellip;]<\/p>\n","protected":false},"author":1,"featured_media":2686,"comment_status":"closed","ping_status":"closed","sticky":false,"template":"","format":"standard","meta":{"footnotes":""},"categories":[36],"tags":[],"class_list":["post-3215","post","type-post","status-publish","format-standard","has-post-thumbnail","hentry","category-news-es","has-post-title","has-post-date","has-post-category","has-post-tag","has-post-comment","has-post-author",""],"builder_content":"<p>El pasado jueves, Business Development Friesland organiz\u00f3 un inspirador evento de networking en su nueva oficina en Building Z (Zaailand 106), Leeuwarden (Pa\u00edses Bajos), para presentar el proyecto Fashion.ED a colegas de @iqubator y a otros agentes clave.<\/p><p>Tras 24 meses de trabajo conjunto, incluyendo sesiones de ideaci\u00f3n, colaboraci\u00f3n y desarrollo, Fashion.ED se acerca a su finalizaci\u00f3n. Junto a nuestros socios, hemos dado vida a ideas innovadoras y hemos avanzado con pasos concretos hacia una industria de la moda m\u00e1s responsable: desde la elecci\u00f3n de materiales sostenibles hasta la reducci\u00f3n de residuos y la minimizaci\u00f3n de la huella ecol\u00f3gica de la moda.<\/p><p>Este proyecto no habr\u00eda sido posible sin nuestros socios: UPV, UNIWA, KTU, ORADEA e IDEC. Adem\u00e1s, contribuye directamente a los objetivos del Espacio Europeo de Educaci\u00f3n.<\/p>\n<img src=\"https:\/\/fashionedproject.eu\/wp-content\/uploads\/2025\/09\/IMG_4058-scaled.jpg\" title=\"IMG_4058\" alt=\"IMG_4058\" srcset=\"https:\/\/fashionedproject.eu\/wp-content\/uploads\/2025\/09\/IMG_4058-scaled.jpg 2560w, https:\/\/fashionedproject.eu\/wp-content\/uploads\/2025\/09\/IMG_4058-300x225.jpg 300w, https:\/\/fashionedproject.eu\/wp-content\/uploads\/2025\/09\/IMG_4058-1024x768.jpg 1024w, https:\/\/fashionedproject.eu\/wp-content\/uploads\/2025\/09\/IMG_4058-768x576.jpg 768w, https:\/\/fashionedproject.eu\/wp-content\/uploads\/2025\/09\/IMG_4058-1536x1152.jpg 1536w, https:\/\/fashionedproject.eu\/wp-content\/uploads\/2025\/09\/IMG_4058-2048x1536.jpg 2048w\" sizes=\"(max-width: 2560px) 100vw, 2560px\" \/>\n<p>\ud83d\udccd <strong>\u00bfY ahora qu\u00e9 sigue?<\/strong><br \/>El 16 de septiembre, nuestra project manager @lotteduursma y la assistant project manager @sarahtannoux asistir\u00e1n a la conferencia internacional de clausura en Alcoy (Espa\u00f1a), organizada por nuestro socio UPV.<\/p><p>All\u00ed, profesionales de la moda, docentes, estudiantes y expertos en sostenibilidad:<br \/>\u2022 Presentar\u00e1n el programa Fashion.ED y sus innovadores m\u00f3dulos de formaci\u00f3n en Realidad Virtual<br \/>\u2022 Explorar\u00e1n el futuro de la moda sostenible y circular<br \/>\u2022 Compartir\u00e1n ideas, herramientas y casos de \u00e9xito del proyecto<\/p><p>Estamos muy orgullosos de celebrar tanto el impacto de Fashion.ED como la apertura de nuestra nueva oficina, un espacio pensado para inspirar colaboraci\u00f3n, creatividad e innovaci\u00f3n sostenible.<\/p><p><strong>\ud83d\udcf2<\/strong><strong> \u00a1Sigue atento para m\u00e1s novedades!<\/strong><\/p>","_links":{"self":[{"href":"https:\/\/fashionedproject.eu\/es\/wp-json\/wp\/v2\/posts\/3215","targetHints":{"allow":["GET"]}}],"collection":[{"href":"https:\/\/fashionedproject.eu\/es\/wp-json\/wp\/v2\/posts"}],"about":[{"href":"https:\/\/fashionedproject.eu\/es\/wp-json\/wp\/v2\/types\/post"}],"author":[{"embeddable":true,"href":"https:\/\/fashionedproject.eu\/es\/wp-json\/wp\/v2\/users\/1"}],"replies":[{"embeddable":true,"href":"https:\/\/fashionedproject.eu\/es\/wp-json\/wp\/v2\/comments?post=3215"}],"version-history":[{"count":2,"href":"https:\/\/fashionedproject.eu\/es\/wp-json\/wp\/v2\/posts\/3215\/revisions"}],"predecessor-version":[{"id":3217,"href":"https:\/\/fashionedproject.eu\/es\/wp-json\/wp\/v2\/posts\/3215\/revisions\/3217"}],"wp:featuredmedia":[{"embeddable":true,"href":"https:\/\/fashionedproject.eu\/es\/wp-json\/wp\/v2\/media\/2686"}],"wp:attachment":[{"href":"https:\/\/fashionedproject.eu\/es\/wp-json\/wp\/v2\/media?parent=3215"}],"wp:term":[{"taxonomy":"category","embeddable":true,"href":"https:\/\/fashionedproject.eu\/es\/wp-json\/wp\/v2\/categories?post=3215"},{"taxonomy":"post_tag","embeddable":true,"href":"https:\/\/fashionedproject.eu\/es\/wp-json\/wp\/v2\/tags?post=3215"}],"curies":[{"name":"wp","href":"https:\/\/api.w.org\/{rel}","templated":true}]}}