{"id":2388,"date":"2025-02-11T09:26:42","date_gmt":"2025-02-11T07:26:42","guid":{"rendered":"https:\/\/fashionedproject.eu\/fashioned-in-faculty-of-mechanical-engineering-and-design-ktu\/"},"modified":"2025-10-31T11:00:59","modified_gmt":"2025-10-31T09:00:59","slug":"fashioned-in-faculty-of-mechanical-engineering-and-design-ktu","status":"publish","type":"post","link":"https:\/\/fashionedproject.eu\/ro\/fashioned-in-faculty-of-mechanical-engineering-and-design-ktu\/","title":{"rendered":"Fashion.ED la Facultatea de Inginerie Mecanic\u0103 \u0219i Design, KTU"},"content":{"rendered":"<!--themify_builder_content-->\n<div id=\"themify_builder_content-2388\" data-postid=\"2388\" class=\"themify_builder_content themify_builder_content-2388 themify_builder tf_clear\">\n    \t\t\t\t<!-- module_row -->\n\t\t<div  data-lazy=\"1\" class=\"module_row themify_builder_row tb_37wa30 tb_first tf_w tf_clearfix\">\n\t\t\t\t\t<div class=\"row_inner col_align_top tb_col_count_1 tf_box tf_rel\">\n\t\t\t\t\t<div  data-lazy=\"1\" class=\"module_column tb-column col-full tb_kt9c30 first\">\n\t\t\t\t\t\t\t\t\t<div class=\"tb-column-inner tf_box tf_w\">\n\t\t\t\t<!-- module text -->\n<div  class=\"module module-text tb_108h121   \" data-lazy=\"1\">\n        <div  class=\"tb_text_wrap\">\n    <p style=\"margin: 0px;\" data-start=\"152\" data-end=\"161\"><strong data-start=\"152\" data-end=\"161\">\u0218tiri<\/strong><\/p>\n<p style=\"margin: 0px;\" data-start=\"163\" data-end=\"477\">La data de <strong data-start=\"174\" data-end=\"194\">7 februarie 2025<\/strong>, <strong data-start=\"196\" data-end=\"242\">Facultatea de Inginerie Mecanic\u0103 \u0219i Design<\/strong> din cadrul <strong data-start=\"254\" data-end=\"300\">Universit\u0103\u021bii Tehnologice din Kaunas (KTU)<\/strong> s-a reunit pentru un schimb de experien\u021b\u0103 \u0219i pentru a analiza rezultatele intermediare ale proiectelor <strong data-start=\"408\" data-end=\"420\">ERASMUS+<\/strong> aflate \u00een derulare: <em data-start=\"441\" data-end=\"453\">Fashion.ED<\/em>, <em data-start=\"455\" data-end=\"464\">Vetrine<\/em> \u0219i <em data-start=\"468\" data-end=\"474\">TEDI<\/em>.<\/p>\n<p style=\"margin: 0px;\" data-start=\"479\" data-end=\"906\"><strong data-start=\"479\" data-end=\"501\">Daiva Miku\u010dionien\u0117<\/strong>, coordonatoarea proiectului <em data-start=\"530\" data-end=\"542\">Fashion.ED<\/em> din partea KTU, a subliniat importan\u021ba acestuia \u00een promovarea colabor\u0103rii interna\u021bionale dintre cadre didactice, studen\u021bi \u0219i facultate. Ea a eviden\u021biat faptul c\u0103 astfel de ini\u021biative nu doar stimuleaz\u0103 metode inovatoare de \u00eenv\u0103\u021bare \u0219i schimbul de cuno\u0219tin\u021be, ci contribuie \u0219i la consolidarea unei re\u021bele de persoane care \u00eemp\u0103rt\u0103\u0219esc acelea\u0219i valori \u0219i interese.<\/p>    <\/div>\n<\/div>\n<!-- \/module text -->\t\t\t\t<\/div><!-- .tb-column-inner -->\n\t\t\t\t\t\t<\/div><!-- .module_column -->\n\t\t\t\t\t\t<\/div><!-- .row_inner -->\n\t\t<\/div><!-- .module_row -->\n\t\t\t\t\t\t\t\t<!-- module_row -->\n\t\t<div  data-lazy=\"1\" class=\"module_row themify_builder_row tb_d4f4117 tf_w tf_clearfix\">\n\t\t\t\t\t<div class=\"row_inner col_align_top tb_col_count_1 tf_box tf_rel\">\n\t\t\t\t\t<div  data-lazy=\"1\" class=\"module_column tb-column col-full tb_e3md117 first\">\n\t\t\t\t\t\t\t\t\t<div class=\"tb-column-inner tf_box tf_w\">\n\t\t\t\t<!-- module gallery -->\n<div  class=\"module gallery module-gallery tb_66wm123 layout-grid  \" data-lazy=\"1\">\n    <div class=\"module-gallery-grid gallery-columns-4 tf_clear\">\n\t\t\t<dl class=\"gallery-item\">\n\t\t\t<dt class=\"gallery-icon\">\n\t\t\t<a data-title=\"\" title=\"\" href=\"https:\/\/fashionedproject.eu\/wp-content\/uploads\/2025\/02\/20250207_114058-scaled.jpg\" data-rel=\"tb_66wm123\" class=\"themify_lightbox\"><img loading=\"lazy\" decoding=\"async\" src=\"https:\/\/fashionedproject.eu\/wp-content\/uploads\/2025\/02\/20250207_114058-1024x768-300x200.jpg\" width=\"300\" height=\"200\" class=\"wp-post-image wp-image-1792\" title=\"20250207_114058\" alt=\"20250207_114058\"><\/a>\t\t\t<\/dt>\n\t\t\t<dd>\n\t\t\t\t\t\t\t\t\t\t\t<\/dd>\n\t\t<\/dl>\n\t\t\t<dl class=\"gallery-item\">\n\t\t\t<dt class=\"gallery-icon\">\n\t\t\t<a data-title=\"\" title=\"\" href=\"https:\/\/fashionedproject.eu\/wp-content\/uploads\/2025\/02\/IMG_2240-scaled.jpg\" data-rel=\"tb_66wm123\" class=\"themify_lightbox\"><img loading=\"lazy\" decoding=\"async\" src=\"https:\/\/fashionedproject.eu\/wp-content\/uploads\/2025\/02\/IMG_2240-768x1024-300x200.jpg\" width=\"300\" height=\"200\" class=\"wp-post-image wp-image-1798\" title=\"IMG_2240\" alt=\"IMG_2240\"><\/a>\t\t\t<\/dt>\n\t\t\t<dd>\n\t\t\t\t\t\t\t\t\t\t\t<\/dd>\n\t\t<\/dl>\n\t\t\t<dl class=\"gallery-item\">\n\t\t\t<dt class=\"gallery-icon\">\n\t\t\t<a data-title=\"\" title=\"\" href=\"https:\/\/fashionedproject.eu\/wp-content\/uploads\/2025\/02\/IMG_2249-scaled.jpg\" data-rel=\"tb_66wm123\" class=\"themify_lightbox\"><img loading=\"lazy\" decoding=\"async\" src=\"https:\/\/fashionedproject.eu\/wp-content\/uploads\/2025\/02\/IMG_2249-1024x768-300x200.jpg\" width=\"300\" height=\"200\" class=\"wp-post-image wp-image-1804\" title=\"IMG_2249\" alt=\"IMG_2249\"><\/a>\t\t\t<\/dt>\n\t\t\t<dd>\n\t\t\t\t\t\t\t\t\t\t\t<\/dd>\n\t\t<\/dl>\n\t\t\t<dl class=\"gallery-item\">\n\t\t\t<dt class=\"gallery-icon\">\n\t\t\t<a data-title=\"\" title=\"\" href=\"https:\/\/fashionedproject.eu\/wp-content\/uploads\/2025\/02\/IMG_2255-scaled.jpg\" data-rel=\"tb_66wm123\" class=\"themify_lightbox\"><img loading=\"lazy\" decoding=\"async\" src=\"https:\/\/fashionedproject.eu\/wp-content\/uploads\/2025\/02\/IMG_2255-768x1024-300x200.jpg\" width=\"300\" height=\"200\" class=\"wp-post-image wp-image-1810\" title=\"IMG_2255\" alt=\"IMG_2255\"><\/a>\t\t\t<\/dt>\n\t\t\t<dd>\n\t\t\t\t\t\t\t\t\t\t\t<\/dd>\n\t\t<\/dl>\n\t<\/div>\n<\/div>\n<!-- \/module gallery -->\t\t\t\t<\/div><!-- .tb-column-inner -->\n\t\t\t\t\t\t<\/div><!-- .module_column -->\n\t\t\t\t\t\t<\/div><!-- .row_inner -->\n\t\t<\/div><!-- .module_row -->\n\t\t\t\t<\/div>\n<!--\/themify_builder_content-->","protected":false},"excerpt":{"rendered":"<p>\u0218tiri La data de 7 februarie 2025, Facultatea de Inginerie Mecanic\u0103 \u0219i Design din cadrul Universit\u0103\u021bii Tehnologice din Kaunas (KTU) s-a reunit pentru un schimb de experien\u021b\u0103 \u0219i pentru a analiza rezultatele intermediare ale proiectelor ERASMUS+ aflate \u00een derulare: Fashion.ED, Vetrine \u0219i TEDI. Daiva Miku\u010dionien\u0117, coordonatoarea proiectului Fashion.ED din partea KTU, a subliniat importan\u021ba acestuia [&hellip;]<\/p>\n","protected":false},"author":1,"featured_media":1810,"comment_status":"closed","ping_status":"closed","sticky":false,"template":"","format":"standard","meta":{"footnotes":""},"categories":[39],"tags":[],"class_list":["post-2388","post","type-post","status-publish","format-standard","has-post-thumbnail","hentry","category-news-ro","has-post-title","has-post-date","has-post-category","has-post-tag","has-post-comment","has-post-author",""],"builder_content":"<p style=\"margin: 0px;\" data-start=\"152\" data-end=\"161\"><strong data-start=\"152\" data-end=\"161\">\u0218tiri<\/strong><\/p> <p style=\"margin: 0px;\" data-start=\"163\" data-end=\"477\">La data de <strong data-start=\"174\" data-end=\"194\">7 februarie 2025<\/strong>, <strong data-start=\"196\" data-end=\"242\">Facultatea de Inginerie Mecanic\u0103 \u0219i Design<\/strong> din cadrul <strong data-start=\"254\" data-end=\"300\">Universit\u0103\u021bii Tehnologice din Kaunas (KTU)<\/strong> s-a reunit pentru un schimb de experien\u021b\u0103 \u0219i pentru a analiza rezultatele intermediare ale proiectelor <strong data-start=\"408\" data-end=\"420\">ERASMUS+<\/strong> aflate \u00een derulare: <em data-start=\"441\" data-end=\"453\">Fashion.ED<\/em>, <em data-start=\"455\" data-end=\"464\">Vetrine<\/em> \u0219i <em data-start=\"468\" data-end=\"474\">TEDI<\/em>.<\/p> <p style=\"margin: 0px;\" data-start=\"479\" data-end=\"906\"><strong data-start=\"479\" data-end=\"501\">Daiva Miku\u010dionien\u0117<\/strong>, coordonatoarea proiectului <em data-start=\"530\" data-end=\"542\">Fashion.ED<\/em> din partea KTU, a subliniat importan\u021ba acestuia \u00een promovarea colabor\u0103rii interna\u021bionale dintre cadre didactice, studen\u021bi \u0219i facultate. Ea a eviden\u021biat faptul c\u0103 astfel de ini\u021biative nu doar stimuleaz\u0103 metode inovatoare de \u00eenv\u0103\u021bare \u0219i schimbul de cuno\u0219tin\u021be, ci contribuie \u0219i la consolidarea unei re\u021bele de persoane care \u00eemp\u0103rt\u0103\u0219esc acelea\u0219i valori \u0219i interese.<\/p>\n[gallery ids=\"1788,1794,1800,1806\"]","_links":{"self":[{"href":"https:\/\/fashionedproject.eu\/ro\/wp-json\/wp\/v2\/posts\/2388","targetHints":{"allow":["GET"]}}],"collection":[{"href":"https:\/\/fashionedproject.eu\/ro\/wp-json\/wp\/v2\/posts"}],"about":[{"href":"https:\/\/fashionedproject.eu\/ro\/wp-json\/wp\/v2\/types\/post"}],"author":[{"embeddable":true,"href":"https:\/\/fashionedproject.eu\/ro\/wp-json\/wp\/v2\/users\/1"}],"replies":[{"embeddable":true,"href":"https:\/\/fashionedproject.eu\/ro\/wp-json\/wp\/v2\/comments?post=2388"}],"version-history":[{"count":3,"href":"https:\/\/fashionedproject.eu\/ro\/wp-json\/wp\/v2\/posts\/2388\/revisions"}],"predecessor-version":[{"id":3243,"href":"https:\/\/fashionedproject.eu\/ro\/wp-json\/wp\/v2\/posts\/2388\/revisions\/3243"}],"wp:featuredmedia":[{"embeddable":true,"href":"https:\/\/fashionedproject.eu\/ro\/wp-json\/wp\/v2\/media\/1810"}],"wp:attachment":[{"href":"https:\/\/fashionedproject.eu\/ro\/wp-json\/wp\/v2\/media?parent=2388"}],"wp:term":[{"taxonomy":"category","embeddable":true,"href":"https:\/\/fashionedproject.eu\/ro\/wp-json\/wp\/v2\/categories?post=2388"},{"taxonomy":"post_tag","embeddable":true,"href":"https:\/\/fashionedproject.eu\/ro\/wp-json\/wp\/v2\/tags?post=2388"}],"curies":[{"name":"wp","href":"https:\/\/api.w.org\/{rel}","templated":true}]}}